{"id":654,"date":"2023-11-27T08:40:43","date_gmt":"2023-11-27T08:40:43","guid":{"rendered":"http:\/\/mitribunafutbolera.com\/?p=654"},"modified":"2023-11-27T08:40:45","modified_gmt":"2023-11-27T08:40:45","slug":"tiene-sitio-reinildo-cuando-vuelva","status":"publish","type":"post","link":"https:\/\/mitribunafutbolera.com\/index.php\/2023\/11\/27\/tiene-sitio-reinildo-cuando-vuelva\/","title":{"rendered":"\u00bfTiene sitio Reinildo cuando vuelva?"},"content":{"rendered":"\n<p>La pregunta ilustra este articulo puede hacer una <em>boutade<\/em>; hace un a\u00f1o, hubiese parecido una herej\u00eda. Desde que lleg\u00f3, en el mercado de invierno de la temporada 2021\/22, Reinildo se convirti\u00f3 en indiscutible en el lateral izquierdo, sin necesitar la llamada \u00b4mili\u00b4 de Simeone; a\u00fan en los peores momentos (principio de la temporada 2002\/23) Reinildo evit\u00f3 que el desastre defensivo y grupal fuese a\u00fan mayor.<\/p>\n\n\n\n<p>Pero, desde que se lesion\u00f3, hace ya cerca de un a\u00f1o, Simeone ha ido evolucionando y perfeccionando un esquema 5-3-2 en el cual no est\u00e1 del todo claro si el mozambique\u00f1o tiene cabida; insisto, aunque pueda parecer una <em>boutade<\/em>. En ese 5-3-2 sus perfiles ser\u00edan el de central por la izquierda o el de carrilero por esa misma banda: sus \u00ednquilinos\u00b4 actuales\u00b4,\u00a0 Hermoso y Lino (hasta su lesi\u00f3n), respectivamente, si nos atenemos a los titulares actuales. Antes de ir a las ventajas, hagamos de abogado del diablo y vayamos a los inconvenientes, siempre y cuando Simeone apueste por mantener el 5-3-2.<\/p>\n\n\n\n<p><\/p>\n\n\n\n<p>Si reemplaza a Lino y se la sit\u00faa como carrilero izquierda, es obvio no tiene suficiente capacidad combinativa y llegada al \u00e1rea, puestos a atacar; si se le pone como central zurdo, se pierde a Hermoso y, puestos a ser defensa puro, mil veces Reinildo pero hay que tener en cuenta una cuesti\u00f3n t\u00e1ctica, nada desde\u00f1able en este Atl\u00e9tico: Mario Hermoso, aunque se precipite muchas veces, tiene una gran salida de bal\u00f3n y en el entramado t\u00e1ctico ha montado Simeone en los \u00faltimos meses, en fase ofensiva, Mario Hermoso (con Witsel -poco hablamos de \u00e9l- cubri\u00e9ndole las espaldas) act\u00faa como cuarto centrocampista aprovechando, como decimos, su gran manejo de la pelota.<\/p>\n\n\n\n<p>Otra cosa es que, con la vuelta de Reinildo, Simeone optase por volver a un 4-4-2, con el mozambique\u00f1o de lateral puro y, dado el esquema, con menos obligaciones para subir toda la banda. Eso permitir\u00eda, adem\u00e1s, al Atl\u00e9tico, tener un cuarto hombre en medio campo, cosa se ha echado en falta en muchos partidos.<\/p>\n\n\n\n<p>\u00bfForzar\u00e1 la vuelta de Reinildo y, que no se olvide nunca, la marcha de Carrasco, clave en el 5-3-2, a volver al 4-4-2? Si se permite opini\u00f3n, uno lo probar\u00eda. Con Reinildo a bordo, claro.<\/p>\n","protected":false},"excerpt":{"rendered":"<p>La pregunta ilustra este articulo puede hacer una boutade; hace un a\u00f1o, hubiese parecido una herej\u00eda. Desde que lleg\u00f3, en el mercado de invierno de la temporada 2021\/22, Reinildo se&hellip; <\/p>\n","protected":false},"author":3,"featured_media":0,"comment_status":"open","ping_status":"open","sticky":false,"template":"","format":"standard","meta":{"_jetpack_memberships_contains_paid_content":false,"footnotes":""},"categories":[1],"tags":[],"class_list":["post-654","post","type-post","status-publish","format-standard","hentry","category-uncategorized"],"rise-blocks_total_comments":1,"rise-blocks_categories":[{"term_id":1,"name":"Uncategorized","slug":"uncategorized","term_group":0,"term_taxonomy_id":1,"taxonomy":"category","description":"","parent":0,"count":7,"filter":"raw","cat_ID":1,"category_count":7,"category_description":"","cat_name":"Uncategorized","category_nicename":"uncategorized","category_parent":0}],"rise-blocks_excerpt":"La pregunta ilustra este articulo puede hacer una boutade; hace un a\u00f1o, hubiese parecido una herej\u00eda. Desde que lleg\u00f3, en el mercado de invierno de la temporada 2021\/22, Reinildo se..","jetpack_featured_media_url":"","jetpack_sharing_enabled":true,"_links":{"self":[{"href":"https:\/\/mitribunafutbolera.com\/index.php\/wp-json\/wp\/v2\/posts\/654","targetHints":{"allow":["GET"]}}],"collection":[{"href":"https:\/\/mitribunafutbolera.com\/index.php\/wp-json\/wp\/v2\/posts"}],"about":[{"href":"https:\/\/mitribunafutbolera.com\/index.php\/wp-json\/wp\/v2\/types\/post"}],"author":[{"embeddable":true,"href":"https:\/\/mitribunafutbolera.com\/index.php\/wp-json\/wp\/v2\/users\/3"}],"replies":[{"embeddable":true,"href":"https:\/\/mitribunafutbolera.com\/index.php\/wp-json\/wp\/v2\/comments?post=654"}],"version-history":[{"count":2,"href":"https:\/\/mitribunafutbolera.com\/index.php\/wp-json\/wp\/v2\/posts\/654\/revisions"}],"predecessor-version":[{"id":656,"href":"https:\/\/mitribunafutbolera.com\/index.php\/wp-json\/wp\/v2\/posts\/654\/revisions\/656"}],"wp:attachment":[{"href":"https:\/\/mitribunafutbolera.com\/index.php\/wp-json\/wp\/v2\/media?parent=654"}],"wp:term":[{"taxonomy":"category","embeddable":true,"href":"https:\/\/mitribunafutbolera.com\/index.php\/wp-json\/wp\/v2\/categories?post=654"},{"taxonomy":"post_tag","embeddable":true,"href":"https:\/\/mitribunafutbolera.com\/index.php\/wp-json\/wp\/v2\/tags?post=654"}],"curies":[{"name":"wp","href":"https:\/\/api.w.org\/{rel}","templated":true}]}}