{"id":981,"date":"2026-05-01T18:03:06","date_gmt":"2026-05-01T18:03:06","guid":{"rendered":"https:\/\/mitribunafutbolera.com\/?p=981"},"modified":"2026-05-01T18:03:07","modified_gmt":"2026-05-01T18:03:07","slug":"arsenal-un-equipo-asintotico","status":"publish","type":"post","link":"https:\/\/mitribunafutbolera.com\/index.php\/2026\/05\/01\/arsenal-un-equipo-asintotico\/","title":{"rendered":"Arsenal, un equipo asint\u00f3tico"},"content":{"rendered":"\n<p>Para los que amamos las matem\u00e1ticas, una as\u00edntota es una l\u00ednea recta a la cual se aproxima una funci\u00f3n sin llegar jam\u00e1s a tocarla (o a hacerlo en el infinito). Pues bien, la trayectoria reciente del Arsenal y los t\u00edtulos (sobre todo, el de la Premier) es una cuesti\u00f3n absolutamente asint\u00f3tica: se acerca, se acerca, se acerca\u2026 pero nunca consigue llegar a ello.<\/p>\n\n\n\n<p>En un club caracterizado, afortunadamente, por su apuesta por los proyectos y la estabilidad de los entrenadores (hasta 22 a\u00f1os ocup\u00f3 Wenger el banquillo gunner), Mikel Arteta reemplaz\u00f3 a Unai Emery en diciembre de 2019. El llamado \u2018disc\u00edpulo de Guardiola\u2019 asumi\u00f3 las riendas de un club con un objetivo claro: volver a ganar t\u00edtulos. Empez\u00f3 un proceso de reconstrucci\u00f3n, de elaborar un equipo, de construir un proyecto; y \u201cla cosa\u201d, despu\u00e9s de mucha irregularidad, ha parecido ir mejorando: dos octavos puestos, un quinto, y despu\u00e9s, segundo, segundo, segundo, segundo\u2026 est\u00e1 ah\u00ed, se acerca, pero la realidad se est\u00e1 mostrando tozuda, muy tozuda\u2026 da la sensaci\u00f3n de estar siempre ah\u00ed, pero de nunca llegar. Y el s\u00e1bado fue solo fue una muesca m\u00e1s en esa historia\u2026 esta campa\u00f1a, en concreto, el Arsenal ha llegado a tener 12 puntos de ventaja sobre sus m\u00e1ximos perseguidores, sobre el City, en concreto\u2026 pero, al final, quedan cinco jornadas, cinco partidos\u2026 y Arsenal y City est\u00e1n igualados a puntos y a diferencia de goles. Y con la sensaci\u00f3n de que el City va hacia arriba, como casi siempre en abril-mayo y el Arsenal, hacia abajo, tambi\u00e9n como casi siempre en abril-mayo.<\/p>\n\n\n\n<p>Aunque no es un t\u00e9rmino que uno adore, dicen muchos que el Arsenal \u201cpechofr\u00eda\u201d a final de temporada, cuando se acerca lo importante de verdad; y, aunque a uno no le guste el t\u00e9rmino, es cierto que el baj\u00f3n de rendimiento o la comparativa entre c\u00f3mo empieza el equipo londinense las temporadas y c\u00f3mo las termina es digna de estudio. Poni\u00e9ndolo en \u201ct\u00e9rminos Atl\u00e9tico de Madrid\u201d y la semifinal de Champions que se dirimir\u00e1 en las dos pr\u00f3ximas semanas, el Arsenal era un equipo absolutamente inabordable en Octubre \u2013 de hecho, le gan\u00f3 4 a 0 al Atl\u00e9tico en el Emirates \u2013 y hoy parece que el Atl\u00e9tico tiene opciones de plantarse en la final de la Champions, cosa inimaginable hace 4 o 5 meses.<\/p>\n\n\n\n<p>Volviendo al origen, apost\u00f3 la directiva gunner por Arteta con el objetivo de crear un proyecto, de establecer un estilo y una l\u00ednea de juego, pero, sobre todo, para que esa estabilidad y ese juego llevasen al equipo a reverdecer los laureles de Wenger y a lograr el fin \u00faltimo de este juego: ganar. Pero, pese a esa identidad perfectamente construida y ese acercarse y acercarse al t\u00edtulo de Premier, la l\u00ednea sigue pareciendo totalmente asint\u00f3tica: apenas una FA Cup (2019\/20) y dos Community Shield (2020 y 2023) perecen muy poco bagaje para un equipo destinado a cotas mayores.<\/p>\n\n\n\n<p>Y no ser\u00e1 por falta de estabilidad en el banquillo (como queda reflejado, Arteta lleva en el banquillo del Emirates desde 2019) o falta de inversi\u00f3n en buenos jugadores que han cambiado totalmente la cara del equipo en los \u00faltimos 6 o 7 a\u00f1os: Pep\u00e9, Saliba y Kieran Tierney en 2020; Thomas Partey y Gabril en 2021; Ben White, Odegaard y Aaron Ramsdaled en 2002; Gabriel Jes\u00fas, Fabio Vieira, Zinchenko. Trossard y Kiwior en 2023; Declan Rice (117 millones de Euros!!), Kai Havertz y Jurrien Timber en 2024; calafioro, Mikel merino y David Raya en 2025 y\u2026 para poner la guinda a una inversi\u00f3n sin precedentes y que no habr\u00eda de tener excusas\u2026 Zubimendi, Eze, Gyokeres, Madueke, Mosquera\u2026 en esta \u00faltima campa\u00f1a.<\/p>\n\n\n<div class=\"wp-block-image\">\n<figure class=\"aligncenter size-full\"><img loading=\"lazy\" decoding=\"async\" width=\"1024\" height=\"576\" src=\"https:\/\/mitribunafutbolera.com\/wp-content\/uploads\/2026\/05\/Gyokeres-ladoblecpuntocom.jpg\" alt=\"\" class=\"wp-image-984\" srcset=\"https:\/\/mitribunafutbolera.com\/wp-content\/uploads\/2026\/05\/Gyokeres-ladoblecpuntocom.jpg 1024w, https:\/\/mitribunafutbolera.com\/wp-content\/uploads\/2026\/05\/Gyokeres-ladoblecpuntocom-300x169.jpg 300w, https:\/\/mitribunafutbolera.com\/wp-content\/uploads\/2026\/05\/Gyokeres-ladoblecpuntocom-768x432.jpg 768w, https:\/\/mitribunafutbolera.com\/wp-content\/uploads\/2026\/05\/Gyokeres-ladoblecpuntocom-80x45.jpg 80w\" sizes=\"auto, (max-width: 1024px) 100vw, 1024px\" \/><figcaption class=\"wp-element-caption\">Viktor Gyokeres, una de las grandes apuestas del Arsenal el verano pasado (Foto: ladoblec.com)<\/figcaption><\/figure>\n<\/div>\n\n\n<p>Pareciera que la directiva gunner le est\u00e1 dando a Mikel Arteta todo (y m\u00e1s) lo que est\u00e1 pidiendo para volver a tocar la gloria en forma de t\u00edtulo de Premier; pero tambi\u00e9n pareciera que, por un motivo u otro, el t\u00edtulo siempre se escapa, nunca acaba de llegar. Siempre se empieza muy bien, siempre parece que el Arsenal va a arrasar, siempre acostumbra a llegar a Navidad con una notable ventaja sobre sus rivales en la Premier, siempre se dice aquello de \u201ceste a\u00f1o, s\u00ed\u201d, pero el equipo siempre se acaba cayendo cuando llega marzo o abril.<\/p>\n\n\n\n<p>\u00bfPorqu\u00e9? Explicaciones podr\u00eda haber muchas \u2026 pero dos parecen las m\u00e1s plausibles, o una mezcla de ambas. Por un lado, pareciera un tema de mentalidad, de concienciaci\u00f3n, de arrojo, de experiencia y de frescura mental cuando llega lo duro, cuando de verdad uno <em>se juega los cuartos<\/em>\u2026 y, por el otro, pareciera a la plantilla le faltase profundidad. Pese a las millonarias inversiones hechas, si miramos, por ejemplo, el medio campo, Zubimendi, Rice y Odegaard son indiscutibles, pero solo quedar\u00eda Merino (lesionado varios meses en esta campa\u00f1a) y, tal vez, Eze como alternativas. Y si nos vamos a defensa y ataque, pareciera que no hay repuestos al nivel de Saliba o Bukayo Saka\u2026 pero, claro, tampoco se puede tener repuestos de primer nivel en todas las posiciones, por mucha inversi\u00f3n que uno quiera hacer.<\/p>\n\n\n\n<p>La cuesti\u00f3n no parece sencilla de resolver en este mundo del f\u00fatbol que se debate entre tanta inmediatez y el famoso s\u00edndrome del YA. Y parece maravilloso que, en el propio f\u00fatbol ingl\u00e9s, tan dado hasta hace no tanto a la estabilidad y a los proyectos largos \u2013 costumbre que se est\u00e1 perdiendo -, alguien est\u00e9 apostando a largo plazo por un t\u00e9cnico y un proyecto. Pero, supongo, que todo tiene un l\u00edmite. Y o la funci\u00f3n se cruza con su as\u00edntota (en forma de t\u00edtulo) o ser\u00e1 la paciencia la que lo ponga.<\/p>\n\n\n\n<p>NOTA del AUTOR: Escrito para @VAVEL_esp, el pasado 24 de abril, <a href=\"https:\/\/www.vavel.com\/es\/futbol-internacional\/2026\/04\/24\/1258667-arsenal-un-equipo-asintotico.html\">Arsenal, un equipo asint\u00f3tico &#8211; VAVEL Espa\u00f1a<\/a><\/p>\n\n\n\n<p><\/p>\n","protected":false},"excerpt":{"rendered":"<p>Para los que amamos las matem\u00e1ticas, una as\u00edntota es una l\u00ednea recta a la cual se aproxima una funci\u00f3n sin llegar jam\u00e1s a tocarla (o a hacerlo en el infinito).&hellip; <\/p>\n","protected":false},"author":3,"featured_media":983,"comment_status":"open","ping_status":"open","sticky":false,"template":"","format":"standard","meta":{"_jetpack_memberships_contains_paid_content":false,"footnotes":""},"categories":[328],"tags":[336,406],"class_list":["post-981","post","type-post","status-publish","format-standard","has-post-thumbnail","hentry","category-futbol-internacional","tag-arsenal","tag-mikel-arteta"],"rise-blocks_total_comments":0,"rise-blocks_categories":[{"term_id":328,"name":"F\u00fatbol Internacional","slug":"futbol-internacional","term_group":0,"term_taxonomy_id":328,"taxonomy":"category","description":"","parent":0,"count":7,"filter":"raw","cat_ID":328,"category_count":7,"category_description":"","cat_name":"F\u00fatbol Internacional","category_nicename":"futbol-internacional","category_parent":0}],"rise-blocks_excerpt":"Para los que amamos las matem\u00e1ticas, una as\u00edntota es una l\u00ednea recta a la cual se aproxima una funci\u00f3n sin llegar jam\u00e1s a tocarla (o a hacerlo en el infinito)...","jetpack_featured_media_url":"https:\/\/mitribunafutbolera.com\/wp-content\/uploads\/2026\/05\/Mikel-Arteta-entrenador-del-Arsenal-bbcpuntocom.jpg","jetpack_sharing_enabled":true,"_links":{"self":[{"href":"https:\/\/mitribunafutbolera.com\/index.php\/wp-json\/wp\/v2\/posts\/981","targetHints":{"allow":["GET"]}}],"collection":[{"href":"https:\/\/mitribunafutbolera.com\/index.php\/wp-json\/wp\/v2\/posts"}],"about":[{"href":"https:\/\/mitribunafutbolera.com\/index.php\/wp-json\/wp\/v2\/types\/post"}],"author":[{"embeddable":true,"href":"https:\/\/mitribunafutbolera.com\/index.php\/wp-json\/wp\/v2\/users\/3"}],"replies":[{"embeddable":true,"href":"https:\/\/mitribunafutbolera.com\/index.php\/wp-json\/wp\/v2\/comments?post=981"}],"version-history":[{"count":3,"href":"https:\/\/mitribunafutbolera.com\/index.php\/wp-json\/wp\/v2\/posts\/981\/revisions"}],"predecessor-version":[{"id":986,"href":"https:\/\/mitribunafutbolera.com\/index.php\/wp-json\/wp\/v2\/posts\/981\/revisions\/986"}],"wp:featuredmedia":[{"embeddable":true,"href":"https:\/\/mitribunafutbolera.com\/index.php\/wp-json\/wp\/v2\/media\/983"}],"wp:attachment":[{"href":"https:\/\/mitribunafutbolera.com\/index.php\/wp-json\/wp\/v2\/media?parent=981"}],"wp:term":[{"taxonomy":"category","embeddable":true,"href":"https:\/\/mitribunafutbolera.com\/index.php\/wp-json\/wp\/v2\/categories?post=981"},{"taxonomy":"post_tag","embeddable":true,"href":"https:\/\/mitribunafutbolera.com\/index.php\/wp-json\/wp\/v2\/tags?post=981"}],"curies":[{"name":"wp","href":"https:\/\/api.w.org\/{rel}","templated":true}]}}